{"id":28046,"date":"2021-09-10T14:47:00","date_gmt":"2021-09-10T12:47:00","guid":{"rendered":"http:\/\/airelles-environnement.fr\/?p=28046"},"modified":"2021-11-30T14:51:59","modified_gmt":"2021-11-30T13:51:59","slug":"une-arrivee-pour-la-rentree","status":"publish","type":"post","link":"https:\/\/airelles-environnement.fr\/?p=28046","title":{"rendered":"Une arriv\u00e9e pour la rentr\u00e9e"},"content":{"rendered":"\n<p>C&#8217;est la rentr\u00e9e chez AIRELLES Environnement&nbsp;et nous avons le plaisir d&#8217;accueillir dans l&#8217;\u00e9quipe une nouvelle ing\u00e9nieure Laure HITON&nbsp;! Son exp\u00e9rience acquise au sein de bureaux d&#8217;\u00e9tudes sp\u00e9cialis\u00e9s dans le domaine ICPE (dossiers r\u00e8glementaires, audits, conseils, etc.) viendra renforcer notre \u00e9quipe qui compte d\u00e9sormais 7 ing\u00e9nieurs et une office manager. Bienvenue parmi nous Laure !<\/p>\n","protected":false},"excerpt":{"rendered":"<p>C&#8217;est la rentr\u00e9e chez AIRELLES Environnement&nbsp;et nous avons le plaisir d&#8217;accueillir dans l&#8217;\u00e9quipe une nouvelle ing\u00e9nieure Laure HITON&nbsp;! Son exp\u00e9rience acquise au sein de bureaux d&#8217;\u00e9tudes sp\u00e9cialis\u00e9s dans le domaine &#8230;<\/p>\n","protected":false},"author":1,"featured_media":9468,"comment_status":"open","ping_status":"open","sticky":false,"template":"","format":"standard","meta":[],"categories":[5,1],"tags":[],"_links":{"self":[{"href":"https:\/\/airelles-environnement.fr\/index.php?rest_route=\/wp\/v2\/posts\/28046"}],"collection":[{"href":"https:\/\/airelles-environnement.fr\/index.php?rest_route=\/wp\/v2\/posts"}],"about":[{"href":"https:\/\/airelles-environnement.fr\/index.php?rest_route=\/wp\/v2\/types\/post"}],"author":[{"embeddable":true,"href":"https:\/\/airelles-environnement.fr\/index.php?rest_route=\/wp\/v2\/users\/1"}],"replies":[{"embeddable":true,"href":"https:\/\/airelles-environnement.fr\/index.php?rest_route=%2Fwp%2Fv2%2Fcomments&post=28046"}],"version-history":[{"count":3,"href":"https:\/\/airelles-environnement.fr\/index.php?rest_route=\/wp\/v2\/posts\/28046\/revisions"}],"predecessor-version":[{"id":28051,"href":"https:\/\/airelles-environnement.fr\/index.php?rest_route=\/wp\/v2\/posts\/28046\/revisions\/28051"}],"wp:featuredmedia":[{"embeddable":true,"href":"https:\/\/airelles-environnement.fr\/index.php?rest_route=\/wp\/v2\/media\/9468"}],"wp:attachment":[{"href":"https:\/\/airelles-environnement.fr\/index.php?rest_route=%2Fwp%2Fv2%2Fmedia&parent=28046"}],"wp:term":[{"taxonomy":"category","embeddable":true,"href":"https:\/\/airelles-environnement.fr\/index.php?rest_route=%2Fwp%2Fv2%2Fcategories&post=28046"},{"taxonomy":"post_tag","embeddable":true,"href":"https:\/\/airelles-environnement.fr\/index.php?rest_route=%2Fwp%2Fv2%2Ftags&post=28046"}],"curies":[{"name":"wp","href":"https:\/\/api.w.org\/{rel}","templated":true}]}}